{"id":2321,"date":"2025-02-17T13:01:59","date_gmt":"2025-02-17T12:01:59","guid":{"rendered":"https:\/\/www.mskatzelsdorf.at\/?p=2321"},"modified":"2025-03-10T12:42:10","modified_gmt":"2025-03-10T11:42:10","slug":"prima-la-musica-2025","status":"publish","type":"post","link":"https:\/\/www.mskatzelsdorf.at\/?p=2321","title":{"rendered":"prima la musica 2025"},"content":{"rendered":"\t\t<div data-elementor-type=\"wp-post\" data-elementor-id=\"2321\" class=\"elementor elementor-2321\">\n\t\t\t\t\t\t<section class=\"elementor-section elementor-top-section elementor-element elementor-element-b6125d4 elementor-section-boxed elementor-section-height-default elementor-section-height-default\" data-id=\"b6125d4\" data-element_type=\"section\" data-e-type=\"section\">\n\t\t\t\t\t\t<div class=\"elementor-container elementor-column-gap-default\">\n\t\t\t\t\t<div class=\"elementor-column elementor-col-100 elementor-top-column elementor-element elementor-element-3749cc1\" data-id=\"3749cc1\" data-element_type=\"column\" data-e-type=\"column\">\n\t\t\t<div class=\"elementor-widget-wrap elementor-element-populated\">\n\t\t\t\t\t\t<section class=\"elementor-section elementor-inner-section elementor-element elementor-element-1dc4de5 elementor-section-boxed elementor-section-height-default elementor-section-height-default\" data-id=\"1dc4de5\" data-element_type=\"section\" data-e-type=\"section\">\n\t\t\t\t\t\t<div class=\"elementor-container elementor-column-gap-default\">\n\t\t\t\t\t<div class=\"elementor-column elementor-col-50 elementor-inner-column elementor-element elementor-element-c4ad3b9\" data-id=\"c4ad3b9\" data-element_type=\"column\" data-e-type=\"column\">\n\t\t\t<div class=\"elementor-widget-wrap elementor-element-populated\">\n\t\t\t\t\t\t<div class=\"elementor-element elementor-element-712a36b elementor-widget elementor-widget-text-editor\" data-id=\"712a36b\" data-element_type=\"widget\" data-e-type=\"widget\" data-widget_type=\"text-editor.default\">\n\t\t\t\t<div class=\"elementor-widget-container\">\n\t\t\t\t\t\t\t\t\t<div class=\"x11i5rnm xat24cr x1mh8g0r x1vvkbs xtlvy1s x126k92a\"><div dir=\"auto\">Mit gro\u00dfer Aufregung und jeder Menge Vorfreude pr\u00e4sentierten die Teilnehmenden bei prima la musica 2025 ihre\u00a0 am, 15. und 16. Februar 2015 ihre Wettbewerbsst\u00fccke im Schloss Katzelsdorf.<\/div><\/div><div class=\"x11i5rnm xat24cr x1mh8g0r x1vvkbs xtlvy1s x126k92a\"><div dir=\"auto\">Ab kommenden Samstag hei\u00dft es eine Woche lang Daumen dr\u00fccken f\u00fcr die Auftritte im Festspielhaus St. P\u00f6lten!<\/div><\/div>\t\t\t\t\t\t\t\t<\/div>\n\t\t\t\t<\/div>\n\t\t\t\t\t<\/div>\n\t\t<\/div>\n\t\t\t\t<div class=\"elementor-column elementor-col-50 elementor-inner-column elementor-element elementor-element-6fcf23a\" data-id=\"6fcf23a\" data-element_type=\"column\" data-e-type=\"column\">\n\t\t\t<div class=\"elementor-widget-wrap elementor-element-populated\">\n\t\t\t\t\t\t<div class=\"elementor-element elementor-element-9591245 elementor-widget elementor-widget-image\" data-id=\"9591245\" data-element_type=\"widget\" data-e-type=\"widget\" data-widget_type=\"image.default\">\n\t\t\t\t<div class=\"elementor-widget-container\">\n\t\t\t\t\t\t\t\t\t\t\t\t<figure class=\"wp-caption\">\n\t\t\t\t\t\t\t\t\t\t\t<a href=\"https:\/\/www.mskatzelsdorf.at\/wp-content\/uploads\/2025\/02\/plm25_160225-scaled.jpg\" data-elementor-open-lightbox=\"yes\" data-elementor-lightbox-title=\"plm25_160225\" data-e-action-hash=\"#elementor-action%3Aaction%3Dlightbox%26settings%3DeyJpZCI6MjM0MCwidXJsIjoiaHR0cHM6XC9cL3d3dy5tc2thdHplbHNkb3JmLmF0XC93cC1jb250ZW50XC91cGxvYWRzXC8yMDI1XC8wMlwvcGxtMjVfMTYwMjI1LXNjYWxlZC5qcGcifQ%3D%3D\">\n\t\t\t\t\t\t\t<img fetchpriority=\"high\" decoding=\"async\" width=\"1024\" height=\"683\" src=\"https:\/\/www.mskatzelsdorf.at\/wp-content\/uploads\/2025\/02\/plm25_160225-1024x683.jpg\" class=\"attachment-large size-large wp-image-2340\" alt=\"\" srcset=\"https:\/\/www.mskatzelsdorf.at\/wp-content\/uploads\/2025\/02\/plm25_160225-1024x683.jpg 1024w, https:\/\/www.mskatzelsdorf.at\/wp-content\/uploads\/2025\/02\/plm25_160225-300x200.jpg 300w, https:\/\/www.mskatzelsdorf.at\/wp-content\/uploads\/2025\/02\/plm25_160225-768x512.jpg 768w, https:\/\/www.mskatzelsdorf.at\/wp-content\/uploads\/2025\/02\/plm25_160225-1536x1024.jpg 1536w, https:\/\/www.mskatzelsdorf.at\/wp-content\/uploads\/2025\/02\/plm25_160225-2048x1365.jpg 2048w\" sizes=\"(max-width: 1024px) 100vw, 1024px\" \/>\t\t\t\t\t\t\t\t<\/a>\n\t\t\t\t\t\t\t\t\t\t\t<figcaption class=\"widget-image-caption wp-caption-text\">PLM Teilnehmer*innen 2025<\/figcaption>\n\t\t\t\t\t\t\t\t\t\t<\/figure>\n\t\t\t\t\t\t\t\t\t<\/div>\n\t\t\t\t<\/div>\n\t\t\t\t<div class=\"elementor-element elementor-element-fa4e2dd elementor-widget elementor-widget-image\" data-id=\"fa4e2dd\" data-element_type=\"widget\" data-e-type=\"widget\" data-widget_type=\"image.default\">\n\t\t\t\t<div class=\"elementor-widget-container\">\n\t\t\t\t\t\t\t\t\t\t\t\t<figure class=\"wp-caption\">\n\t\t\t\t\t\t\t\t\t\t\t<a href=\"https:\/\/www.mskatzelsdorf.at\/wp-content\/uploads\/2025\/02\/plm25_150225_Gruppe.jpeg\" data-elementor-open-lightbox=\"yes\" data-elementor-lightbox-title=\"plm25_150225_Gruppe\" data-e-action-hash=\"#elementor-action%3Aaction%3Dlightbox%26settings%3DeyJpZCI6MjMzOSwidXJsIjoiaHR0cHM6XC9cL3d3dy5tc2thdHplbHNkb3JmLmF0XC93cC1jb250ZW50XC91cGxvYWRzXC8yMDI1XC8wMlwvcGxtMjVfMTUwMjI1X0dydXBwZS5qcGVnIn0%3D\">\n\t\t\t\t\t\t\t<img decoding=\"async\" width=\"1024\" height=\"768\" src=\"https:\/\/www.mskatzelsdorf.at\/wp-content\/uploads\/2025\/02\/plm25_150225_Gruppe-1024x768.jpeg\" class=\"attachment-large size-large wp-image-2339\" alt=\"\" srcset=\"https:\/\/www.mskatzelsdorf.at\/wp-content\/uploads\/2025\/02\/plm25_150225_Gruppe-1024x768.jpeg 1024w, https:\/\/www.mskatzelsdorf.at\/wp-content\/uploads\/2025\/02\/plm25_150225_Gruppe-300x225.jpeg 300w, https:\/\/www.mskatzelsdorf.at\/wp-content\/uploads\/2025\/02\/plm25_150225_Gruppe-768x576.jpeg 768w, https:\/\/www.mskatzelsdorf.at\/wp-content\/uploads\/2025\/02\/plm25_150225_Gruppe-1536x1152.jpeg 1536w, https:\/\/www.mskatzelsdorf.at\/wp-content\/uploads\/2025\/02\/plm25_150225_Gruppe.jpeg 2048w\" sizes=\"(max-width: 1024px) 100vw, 1024px\" \/>\t\t\t\t\t\t\t\t<\/a>\n\t\t\t\t\t\t\t\t\t\t\t<figcaption class=\"widget-image-caption wp-caption-text\">PLM Teilnehmer*innen 2025<\/figcaption>\n\t\t\t\t\t\t\t\t\t\t<\/figure>\n\t\t\t\t\t\t\t\t\t<\/div>\n\t\t\t\t<\/div>\n\t\t\t\t\t<\/div>\n\t\t<\/div>\n\t\t\t\t\t<\/div>\n\t\t<\/section>\n\t\t\t\t\t<\/div>\n\t\t<\/div>\n\t\t\t\t\t<\/div>\n\t\t<\/section>\n\t\t\t\t<\/div>\n\t\t","protected":false},"excerpt":{"rendered":"<p>Mit gro\u00dfer Aufregung und jeder Menge Vorfreude pr\u00e4sentierten die Teilnehmenden bei prima la musica 2025 ihre\u00a0 am, 15. und 16. Februar 2015 ihre Wettbewerbsst\u00fccke im Schloss Katzelsdorf.Ab kommenden Samstag hei\u00dft es eine Woche lang Daumen dr\u00fccken f\u00fcr die Auftritte im Festspielhaus St. P\u00f6lten! PLM Teilnehmer*innen 2025 PLM Teilnehmer*innen 2025<\/p>\n","protected":false},"author":1,"featured_media":0,"comment_status":"open","ping_status":"open","sticky":false,"template":"","format":"standard","meta":{"ocean_post_layout":"","ocean_both_sidebars_style":"","ocean_both_sidebars_content_width":0,"ocean_both_sidebars_sidebars_width":0,"ocean_sidebar":"","ocean_second_sidebar":"","ocean_disable_margins":"enable","ocean_add_body_class":"","ocean_shortcode_before_top_bar":"","ocean_shortcode_after_top_bar":"","ocean_shortcode_before_header":"","ocean_shortcode_after_header":"","ocean_has_shortcode":"","ocean_shortcode_after_title":"","ocean_shortcode_before_footer_widgets":"","ocean_shortcode_after_footer_widgets":"","ocean_shortcode_before_footer_bottom":"","ocean_shortcode_after_footer_bottom":"","ocean_display_top_bar":"default","ocean_display_header":"default","ocean_header_style":"","ocean_center_header_left_menu":"","ocean_custom_header_template":"","ocean_custom_logo":0,"ocean_custom_retina_logo":0,"ocean_custom_logo_max_width":0,"ocean_custom_logo_tablet_max_width":0,"ocean_custom_logo_mobile_max_width":0,"ocean_custom_logo_max_height":0,"ocean_custom_logo_tablet_max_height":0,"ocean_custom_logo_mobile_max_height":0,"ocean_header_custom_menu":"","ocean_menu_typo_font_family":"","ocean_menu_typo_font_subset":"","ocean_menu_typo_font_size":0,"ocean_menu_typo_font_size_tablet":0,"ocean_menu_typo_font_size_mobile":0,"ocean_menu_typo_font_size_unit":"px","ocean_menu_typo_font_weight":"","ocean_menu_typo_font_weight_tablet":"","ocean_menu_typo_font_weight_mobile":"","ocean_menu_typo_transform":"","ocean_menu_typo_transform_tablet":"","ocean_menu_typo_transform_mobile":"","ocean_menu_typo_line_height":0,"ocean_menu_typo_line_height_tablet":0,"ocean_menu_typo_line_height_mobile":0,"ocean_menu_typo_line_height_unit":"","ocean_menu_typo_spacing":0,"ocean_menu_typo_spacing_tablet":0,"ocean_menu_typo_spacing_mobile":0,"ocean_menu_typo_spacing_unit":"","ocean_menu_link_color":"","ocean_menu_link_color_hover":"","ocean_menu_link_color_active":"","ocean_menu_link_background":"","ocean_menu_link_hover_background":"","ocean_menu_link_active_background":"","ocean_menu_social_links_bg":"","ocean_menu_social_hover_links_bg":"","ocean_menu_social_links_color":"","ocean_menu_social_hover_links_color":"","ocean_disable_title":"default","ocean_disable_heading":"default","ocean_post_title":"","ocean_post_subheading":"","ocean_post_title_style":"","ocean_post_title_background_color":"","ocean_post_title_background":0,"ocean_post_title_bg_image_position":"","ocean_post_title_bg_image_attachment":"","ocean_post_title_bg_image_repeat":"","ocean_post_title_bg_image_size":"","ocean_post_title_height":0,"ocean_post_title_bg_overlay":0.5,"ocean_post_title_bg_overlay_color":"","ocean_disable_breadcrumbs":"default","ocean_breadcrumbs_color":"","ocean_breadcrumbs_separator_color":"","ocean_breadcrumbs_links_color":"","ocean_breadcrumbs_links_hover_color":"","ocean_display_footer_widgets":"default","ocean_display_footer_bottom":"default","ocean_custom_footer_template":"","ocean_post_oembed":"","ocean_post_self_hosted_media":"","ocean_post_video_embed":"","ocean_link_format":"","ocean_link_format_target":"self","ocean_quote_format":"","ocean_quote_format_link":"post","ocean_gallery_link_images":"on","ocean_gallery_id":[],"footnotes":""},"categories":[21],"tags":[],"class_list":["post-2321","post","type-post","status-publish","format-standard","hentry","category-wettbewerb","entry"],"_links":{"self":[{"href":"https:\/\/www.mskatzelsdorf.at\/index.php?rest_route=\/wp\/v2\/posts\/2321","targetHints":{"allow":["GET"]}}],"collection":[{"href":"https:\/\/www.mskatzelsdorf.at\/index.php?rest_route=\/wp\/v2\/posts"}],"about":[{"href":"https:\/\/www.mskatzelsdorf.at\/index.php?rest_route=\/wp\/v2\/types\/post"}],"author":[{"embeddable":true,"href":"https:\/\/www.mskatzelsdorf.at\/index.php?rest_route=\/wp\/v2\/users\/1"}],"replies":[{"embeddable":true,"href":"https:\/\/www.mskatzelsdorf.at\/index.php?rest_route=%2Fwp%2Fv2%2Fcomments&post=2321"}],"version-history":[{"count":25,"href":"https:\/\/www.mskatzelsdorf.at\/index.php?rest_route=\/wp\/v2\/posts\/2321\/revisions"}],"predecessor-version":[{"id":2357,"href":"https:\/\/www.mskatzelsdorf.at\/index.php?rest_route=\/wp\/v2\/posts\/2321\/revisions\/2357"}],"wp:attachment":[{"href":"https:\/\/www.mskatzelsdorf.at\/index.php?rest_route=%2Fwp%2Fv2%2Fmedia&parent=2321"}],"wp:term":[{"taxonomy":"category","embeddable":true,"href":"https:\/\/www.mskatzelsdorf.at\/index.php?rest_route=%2Fwp%2Fv2%2Fcategories&post=2321"},{"taxonomy":"post_tag","embeddable":true,"href":"https:\/\/www.mskatzelsdorf.at\/index.php?rest_route=%2Fwp%2Fv2%2Ftags&post=2321"}],"curies":[{"name":"wp","href":"https:\/\/api.w.org\/{rel}","templated":true}]}}