{"id":2389,"date":"2025-03-09T15:34:18","date_gmt":"2025-03-09T14:34:18","guid":{"rendered":"https:\/\/www.mskatzelsdorf.at\/?p=2389"},"modified":"2025-03-10T15:18:21","modified_gmt":"2025-03-10T14:18:21","slug":"prima-la-musica-2025-2","status":"publish","type":"post","link":"https:\/\/www.mskatzelsdorf.at\/?p=2389","title":{"rendered":"prima la musica 2025"},"content":{"rendered":"\t\t<div data-elementor-type=\"wp-post\" data-elementor-id=\"2389\" class=\"elementor elementor-2389\">\n\t\t\t\t\t\t<section class=\"elementor-section elementor-top-section elementor-element elementor-element-d2c7f79 elementor-section-boxed elementor-section-height-default elementor-section-height-default\" data-id=\"d2c7f79\" data-element_type=\"section\" data-e-type=\"section\">\n\t\t\t\t\t\t<div class=\"elementor-container elementor-column-gap-default\">\n\t\t\t\t\t<div class=\"elementor-column elementor-col-100 elementor-top-column elementor-element elementor-element-f69735f\" data-id=\"f69735f\" data-element_type=\"column\" data-e-type=\"column\">\n\t\t\t<div class=\"elementor-widget-wrap elementor-element-populated\">\n\t\t\t\t\t\t<div class=\"elementor-element elementor-element-a002844 elementor-widget elementor-widget-heading\" data-id=\"a002844\" data-element_type=\"widget\" data-e-type=\"widget\" data-widget_type=\"heading.default\">\n\t\t\t\t<div class=\"elementor-widget-container\">\n\t\t\t\t\t<h2 class=\"elementor-heading-title elementor-size-default\">Mit gleich 15 jungen Talenten .....<\/h2>\t\t\t\t<\/div>\n\t\t\t\t<\/div>\n\t\t\t\t<div class=\"elementor-element elementor-element-ae94454 elementor-widget elementor-widget-text-editor\" data-id=\"ae94454\" data-element_type=\"widget\" data-e-type=\"widget\" data-widget_type=\"text-editor.default\">\n\t\t\t\t<div class=\"elementor-widget-container\">\n\t\t\t\t\t\t\t\t\t<p>&#8230;.war unsere Musikschule beim Landeswettbewerb prima la musica von 21. bis 27. Februar 2025 in St. P\u00f6lten vertreten. Die herausragenden Ergebnisse widerspiegeln sowohl den immensen Flei\u00df und die Ausdauer aller Sch\u00fcler:innen sowie die hervorragende Arbeit und das Engagement unserer Lehrenden.<\/p>\t\t\t\t\t\t\t\t<\/div>\n\t\t\t\t<\/div>\n\t\t\t\t\t<\/div>\n\t\t<\/div>\n\t\t\t\t\t<\/div>\n\t\t<\/section>\n\t\t\t\t<section class=\"elementor-section elementor-top-section elementor-element elementor-element-1632f80 elementor-section-boxed elementor-section-height-default elementor-section-height-default\" data-id=\"1632f80\" data-element_type=\"section\" data-e-type=\"section\">\n\t\t\t\t\t\t<div class=\"elementor-container elementor-column-gap-default\">\n\t\t\t\t\t<div class=\"elementor-column elementor-col-100 elementor-top-column elementor-element elementor-element-6cb8c80\" data-id=\"6cb8c80\" data-element_type=\"column\" data-e-type=\"column\">\n\t\t\t<div class=\"elementor-widget-wrap elementor-element-populated\">\n\t\t\t\t\t\t<div class=\"elementor-element elementor-element-bc20e9b elementor-widget elementor-widget-image-gallery\" data-id=\"bc20e9b\" data-element_type=\"widget\" data-e-type=\"widget\" data-widget_type=\"image-gallery.default\">\n\t\t\t\t<div class=\"elementor-widget-container\">\n\t\t\t\t\t\t\t<div class=\"elementor-image-gallery\">\n\t\t\t<div id='gallery-1' class='gallery galleryid-2389 gallery-columns-5 gallery-size-medium'><figure class='gallery-item'>\n\t\t\t<div class='gallery-icon portrait'>\n\t\t\t\t<a data-elementor-open-lightbox=\"yes\" data-elementor-lightbox-slideshow=\"bc20e9b\" data-elementor-lightbox-title=\"Graggaber_Esther\" data-elementor-lightbox-description=\"Esther Graggaber, Klarinette mit Andreas Sch\u00f6berl und Cyril Gurtner\" data-e-action-hash=\"#elementor-action%3Aaction%3Dlightbox%26settings%3DeyJpZCI6MjQzMiwidXJsIjoiaHR0cHM6XC9cL3d3dy5tc2thdHplbHNkb3JmLmF0XC93cC1jb250ZW50XC91cGxvYWRzXC8yMDI1XC8wM1wvUExNMjVfR3JhZ2dhYmVyX0VzdGhlci5qcGVnIiwic2xpZGVzaG93IjoiYmMyMGU5YiJ9\" href='https:\/\/www.mskatzelsdorf.at\/wp-content\/uploads\/2025\/03\/PLM25_Graggaber_Esther.jpeg'><img fetchpriority=\"high\" decoding=\"async\" width=\"225\" height=\"300\" src=\"https:\/\/www.mskatzelsdorf.at\/wp-content\/uploads\/2025\/03\/PLM25_Graggaber_Esther-225x300.jpeg\" class=\"attachment-medium size-medium\" alt=\"\" aria-describedby=\"gallery-1-2432\" srcset=\"https:\/\/www.mskatzelsdorf.at\/wp-content\/uploads\/2025\/03\/PLM25_Graggaber_Esther-225x300.jpeg 225w, https:\/\/www.mskatzelsdorf.at\/wp-content\/uploads\/2025\/03\/PLM25_Graggaber_Esther-768x1024.jpeg 768w, https:\/\/www.mskatzelsdorf.at\/wp-content\/uploads\/2025\/03\/PLM25_Graggaber_Esther-1152x1536.jpeg 1152w, https:\/\/www.mskatzelsdorf.at\/wp-content\/uploads\/2025\/03\/PLM25_Graggaber_Esther.jpeg 1536w\" sizes=\"(max-width: 225px) 100vw, 225px\" \/><\/a>\n\t\t\t<\/div>\n\t\t\t\t<figcaption class='wp-caption-text gallery-caption' id='gallery-1-2432'>\n\t\t\t\tEsther Graggaber, Klarinette mit Andreas Sch\u00f6berl und Cyril Gurtner\n\t\t\t\t<\/figcaption><\/figure><figure class='gallery-item'>\n\t\t\t<div class='gallery-icon portrait'>\n\t\t\t\t<a data-elementor-open-lightbox=\"yes\" data-elementor-lightbox-slideshow=\"bc20e9b\" data-elementor-lightbox-title=\"Leo Sitter\" data-elementor-lightbox-description=\"Leo Sitter -Saxofon mit Thomas Zoufall (Lehrer)und Cyril Gurtner (Klavier)\" data-e-action-hash=\"#elementor-action%3Aaction%3Dlightbox%26settings%3DeyJpZCI6MjQwNSwidXJsIjoiaHR0cHM6XC9cL3d3dy5tc2thdHplbHNkb3JmLmF0XC93cC1jb250ZW50XC91cGxvYWRzXC8yMDI1XC8wM1wvU2F4MS5qcGciLCJzbGlkZXNob3ciOiJiYzIwZTliIn0%3D\" href='https:\/\/www.mskatzelsdorf.at\/wp-content\/uploads\/2025\/03\/Sax1.jpg'><img decoding=\"async\" width=\"200\" height=\"300\" src=\"https:\/\/www.mskatzelsdorf.at\/wp-content\/uploads\/2025\/03\/Sax1-200x300.jpg\" class=\"attachment-medium size-medium\" alt=\"\" aria-describedby=\"gallery-1-2405\" srcset=\"https:\/\/www.mskatzelsdorf.at\/wp-content\/uploads\/2025\/03\/Sax1-200x300.jpg 200w, https:\/\/www.mskatzelsdorf.at\/wp-content\/uploads\/2025\/03\/Sax1-683x1024.jpg 683w, https:\/\/www.mskatzelsdorf.at\/wp-content\/uploads\/2025\/03\/Sax1-768x1152.jpg 768w, https:\/\/www.mskatzelsdorf.at\/wp-content\/uploads\/2025\/03\/Sax1.jpg 968w\" sizes=\"(max-width: 200px) 100vw, 200px\" \/><\/a>\n\t\t\t<\/div>\n\t\t\t\t<figcaption class='wp-caption-text gallery-caption' id='gallery-1-2405'>\n\t\t\t\tLeo Sitter -Saxofon mit Thomas Zoufall (Lehrer)und Cyril Gurtner (Klavier)\n\t\t\t\t<\/figcaption><\/figure><figure class='gallery-item'>\n\t\t\t<div class='gallery-icon portrait'>\n\t\t\t\t<a data-elementor-open-lightbox=\"yes\" data-elementor-lightbox-slideshow=\"bc20e9b\" data-elementor-lightbox-title=\"Philip Farkas\" data-elementor-lightbox-description=\"Philip Farkas, Tenorhorn mit Andreas Sch\u00f6berl\" data-e-action-hash=\"#elementor-action%3Aaction%3Dlightbox%26settings%3DeyJpZCI6MjQwNCwidXJsIjoiaHR0cHM6XC9cL3d3dy5tc2thdHplbHNkb3JmLmF0XC93cC1jb250ZW50XC91cGxvYWRzXC8yMDI1XC8wM1wvUExNMjVfUGhpbGlwLmpwZyIsInNsaWRlc2hvdyI6ImJjMjBlOWIifQ%3D%3D\" href='https:\/\/www.mskatzelsdorf.at\/wp-content\/uploads\/2025\/03\/PLM25_Philip.jpg'><img decoding=\"async\" width=\"200\" height=\"300\" src=\"https:\/\/www.mskatzelsdorf.at\/wp-content\/uploads\/2025\/03\/PLM25_Philip-200x300.jpg\" class=\"attachment-medium size-medium\" alt=\"\" aria-describedby=\"gallery-1-2404\" srcset=\"https:\/\/www.mskatzelsdorf.at\/wp-content\/uploads\/2025\/03\/PLM25_Philip-200x300.jpg 200w, https:\/\/www.mskatzelsdorf.at\/wp-content\/uploads\/2025\/03\/PLM25_Philip-682x1024.jpg 682w, https:\/\/www.mskatzelsdorf.at\/wp-content\/uploads\/2025\/03\/PLM25_Philip-768x1152.jpg 768w, https:\/\/www.mskatzelsdorf.at\/wp-content\/uploads\/2025\/03\/PLM25_Philip.jpg 981w\" sizes=\"(max-width: 200px) 100vw, 200px\" \/><\/a>\n\t\t\t<\/div>\n\t\t\t\t<figcaption class='wp-caption-text gallery-caption' id='gallery-1-2404'>\n\t\t\t\tPhilip Farkas, Tenorhorn mit Andreas Sch\u00f6berl\n\t\t\t\t<\/figcaption><\/figure><figure class='gallery-item'>\n\t\t\t<div class='gallery-icon portrait'>\n\t\t\t\t<a data-elementor-open-lightbox=\"yes\" data-elementor-lightbox-slideshow=\"bc20e9b\" data-elementor-lightbox-title=\"Gabriel Sch\u00f6berl\" data-elementor-lightbox-description=\"Gabriel Sch\u00f6berl. Trompete\" data-e-action-hash=\"#elementor-action%3Aaction%3Dlightbox%26settings%3DeyJpZCI6MjQwMywidXJsIjoiaHR0cHM6XC9cL3d3dy5tc2thdHplbHNkb3JmLmF0XC93cC1jb250ZW50XC91cGxvYWRzXC8yMDI1XC8wM1wvUExNMjVfR2FicmllbF9TLmpwZyIsInNsaWRlc2hvdyI6ImJjMjBlOWIifQ%3D%3D\" href='https:\/\/www.mskatzelsdorf.at\/wp-content\/uploads\/2025\/03\/PLM25_Gabriel_S.jpg'><img loading=\"lazy\" decoding=\"async\" width=\"225\" height=\"300\" src=\"https:\/\/www.mskatzelsdorf.at\/wp-content\/uploads\/2025\/03\/PLM25_Gabriel_S-225x300.jpg\" class=\"attachment-medium size-medium\" alt=\"\" aria-describedby=\"gallery-1-2403\" srcset=\"https:\/\/www.mskatzelsdorf.at\/wp-content\/uploads\/2025\/03\/PLM25_Gabriel_S-225x300.jpg 225w, https:\/\/www.mskatzelsdorf.at\/wp-content\/uploads\/2025\/03\/PLM25_Gabriel_S-768x1024.jpg 768w, https:\/\/www.mskatzelsdorf.at\/wp-content\/uploads\/2025\/03\/PLM25_Gabriel_S-1152x1536.jpg 1152w, https:\/\/www.mskatzelsdorf.at\/wp-content\/uploads\/2025\/03\/PLM25_Gabriel_S.jpg 1536w\" sizes=\"(max-width: 225px) 100vw, 225px\" \/><\/a>\n\t\t\t<\/div>\n\t\t\t\t<figcaption class='wp-caption-text gallery-caption' id='gallery-1-2403'>\n\t\t\t\tGabriel Sch\u00f6berl. Trompete\n\t\t\t\t<\/figcaption><\/figure><figure class='gallery-item'>\n\t\t\t<div class='gallery-icon portrait'>\n\t\t\t\t<a data-elementor-open-lightbox=\"yes\" data-elementor-lightbox-slideshow=\"bc20e9b\" data-elementor-lightbox-title=\"Flora Wolf\" data-elementor-lightbox-description=\"Gabriel Sch\u00f6berl. Trompete\" data-e-action-hash=\"#elementor-action%3Aaction%3Dlightbox%26settings%3DeyJpZCI6MjQwMiwidXJsIjoiaHR0cHM6XC9cL3d3dy5tc2thdHplbHNkb3JmLmF0XC93cC1jb250ZW50XC91cGxvYWRzXC8yMDI1XC8wM1wvUExNMjVfRmxvcmFfV29sZi5qcGciLCJzbGlkZXNob3ciOiJiYzIwZTliIn0%3D\" href='https:\/\/www.mskatzelsdorf.at\/wp-content\/uploads\/2025\/03\/PLM25_Flora_Wolf.jpg'><img loading=\"lazy\" decoding=\"async\" width=\"200\" height=\"300\" src=\"https:\/\/www.mskatzelsdorf.at\/wp-content\/uploads\/2025\/03\/PLM25_Flora_Wolf-200x300.jpg\" class=\"attachment-medium size-medium\" alt=\"\" aria-describedby=\"gallery-1-2402\" srcset=\"https:\/\/www.mskatzelsdorf.at\/wp-content\/uploads\/2025\/03\/PLM25_Flora_Wolf-200x300.jpg 200w, https:\/\/www.mskatzelsdorf.at\/wp-content\/uploads\/2025\/03\/PLM25_Flora_Wolf-682x1024.jpg 682w, https:\/\/www.mskatzelsdorf.at\/wp-content\/uploads\/2025\/03\/PLM25_Flora_Wolf-768x1152.jpg 768w, https:\/\/www.mskatzelsdorf.at\/wp-content\/uploads\/2025\/03\/PLM25_Flora_Wolf.jpg 1009w\" sizes=\"(max-width: 200px) 100vw, 200px\" \/><\/a>\n\t\t\t<\/div>\n\t\t\t\t<figcaption class='wp-caption-text gallery-caption' id='gallery-1-2402'>\n\t\t\t\tFlora Wolf, Posaune\n\t\t\t\t<\/figcaption><\/figure><figure class='gallery-item'>\n\t\t\t<div class='gallery-icon portrait'>\n\t\t\t\t<a data-elementor-open-lightbox=\"yes\" data-elementor-lightbox-slideshow=\"bc20e9b\" data-elementor-lightbox-title=\"Caroline Langer\" data-elementor-lightbox-description=\"Gabriel Sch\u00f6berl. Trompete\" data-e-action-hash=\"#elementor-action%3Aaction%3Dlightbox%26settings%3DeyJpZCI6MjQwMSwidXJsIjoiaHR0cHM6XC9cL3d3dy5tc2thdHplbHNkb3JmLmF0XC93cC1jb250ZW50XC91cGxvYWRzXC8yMDI1XC8wM1wvUExNMjVfQ2Fyb2xpbmVfTGFuZ2VyLmpwZyIsInNsaWRlc2hvdyI6ImJjMjBlOWIifQ%3D%3D\" href='https:\/\/www.mskatzelsdorf.at\/wp-content\/uploads\/2025\/03\/PLM25_Caroline_Langer.jpg'><img loading=\"lazy\" decoding=\"async\" width=\"200\" height=\"300\" src=\"https:\/\/www.mskatzelsdorf.at\/wp-content\/uploads\/2025\/03\/PLM25_Caroline_Langer-200x300.jpg\" class=\"attachment-medium size-medium\" alt=\"\" aria-describedby=\"gallery-1-2401\" srcset=\"https:\/\/www.mskatzelsdorf.at\/wp-content\/uploads\/2025\/03\/PLM25_Caroline_Langer-200x300.jpg 200w, https:\/\/www.mskatzelsdorf.at\/wp-content\/uploads\/2025\/03\/PLM25_Caroline_Langer.jpg 665w\" sizes=\"(max-width: 200px) 100vw, 200px\" \/><\/a>\n\t\t\t<\/div>\n\t\t\t\t<figcaption class='wp-caption-text gallery-caption' id='gallery-1-2401'>\n\t\t\t\tCaroline Langer, Saxofon\n\t\t\t\t<\/figcaption><\/figure><figure class='gallery-item'>\n\t\t\t<div class='gallery-icon portrait'>\n\t\t\t\t<a data-elementor-open-lightbox=\"yes\" data-elementor-lightbox-slideshow=\"bc20e9b\" data-elementor-lightbox-title=\"Sophia Plaschka\" data-elementor-lightbox-description=\"Gabriel Sch\u00f6berl. Trompete\" data-e-action-hash=\"#elementor-action%3Aaction%3Dlightbox%26settings%3DeyJpZCI6MjQwMCwidXJsIjoiaHR0cHM6XC9cL3d3dy5tc2thdHplbHNkb3JmLmF0XC93cC1jb250ZW50XC91cGxvYWRzXC8yMDI1XC8wM1wvUExNMjVfQkZMLmpwZyIsInNsaWRlc2hvdyI6ImJjMjBlOWIifQ%3D%3D\" href='https:\/\/www.mskatzelsdorf.at\/wp-content\/uploads\/2025\/03\/PLM25_BFL.jpg'><img loading=\"lazy\" decoding=\"async\" width=\"200\" height=\"300\" src=\"https:\/\/www.mskatzelsdorf.at\/wp-content\/uploads\/2025\/03\/PLM25_BFL-200x300.jpg\" class=\"attachment-medium size-medium\" alt=\"\" aria-describedby=\"gallery-1-2400\" srcset=\"https:\/\/www.mskatzelsdorf.at\/wp-content\/uploads\/2025\/03\/PLM25_BFL-200x300.jpg 200w, https:\/\/www.mskatzelsdorf.at\/wp-content\/uploads\/2025\/03\/PLM25_BFL.jpg 639w\" sizes=\"(max-width: 200px) 100vw, 200px\" \/><\/a>\n\t\t\t<\/div>\n\t\t\t\t<figcaption class='wp-caption-text gallery-caption' id='gallery-1-2400'>\n\t\t\t\tSophia Plaschka, Blockfl\u00f6te\n\t\t\t\t<\/figcaption><\/figure><figure class='gallery-item'>\n\t\t\t<div class='gallery-icon portrait'>\n\t\t\t\t<a data-elementor-open-lightbox=\"yes\" data-elementor-lightbox-slideshow=\"bc20e9b\" data-elementor-lightbox-title=\"Sophia Plaschka\" data-elementor-lightbox-description=\"Gabriel Sch\u00f6berl. Trompete\" data-e-action-hash=\"#elementor-action%3Aaction%3Dlightbox%26settings%3DeyJpZCI6MjM5OSwidXJsIjoiaHR0cHM6XC9cL3d3dy5tc2thdHplbHNkb3JmLmF0XC93cC1jb250ZW50XC91cGxvYWRzXC8yMDI1XC8wM1wvQkZMX0Vsa2VfQ3lyaWwucG5nIiwic2xpZGVzaG93IjoiYmMyMGU5YiJ9\" href='https:\/\/www.mskatzelsdorf.at\/wp-content\/uploads\/2025\/03\/BFL_Elke_Cyril.png'><img loading=\"lazy\" decoding=\"async\" width=\"214\" height=\"300\" src=\"https:\/\/www.mskatzelsdorf.at\/wp-content\/uploads\/2025\/03\/BFL_Elke_Cyril-214x300.png\" class=\"attachment-medium size-medium\" alt=\"\" aria-describedby=\"gallery-1-2399\" srcset=\"https:\/\/www.mskatzelsdorf.at\/wp-content\/uploads\/2025\/03\/BFL_Elke_Cyril-214x300.png 214w, https:\/\/www.mskatzelsdorf.at\/wp-content\/uploads\/2025\/03\/BFL_Elke_Cyril-731x1024.png 731w, https:\/\/www.mskatzelsdorf.at\/wp-content\/uploads\/2025\/03\/BFL_Elke_Cyril.png 767w\" sizes=\"(max-width: 214px) 100vw, 214px\" \/><\/a>\n\t\t\t<\/div>\n\t\t\t\t<figcaption class='wp-caption-text gallery-caption' id='gallery-1-2399'>\n\t\t\t\tSophia Plaschka, Blockfl\u00f6te mitElke Leitner (Lehrerin) Cyril Gurtner (Klavier)\n\t\t\t\t<\/figcaption><\/figure><figure class='gallery-item'>\n\t\t\t<div class='gallery-icon portrait'>\n\t\t\t\t<a data-elementor-open-lightbox=\"yes\" data-elementor-lightbox-slideshow=\"bc20e9b\" data-elementor-lightbox-title=\"Ricardo Filz\" data-elementor-lightbox-description=\"Gabriel Sch\u00f6berl. Trompete\" data-e-action-hash=\"#elementor-action%3Aaction%3Dlightbox%26settings%3DeyJpZCI6MjM5OCwidXJsIjoiaHR0cHM6XC9cL3d3dy5tc2thdHplbHNkb3JmLmF0XC93cC1jb250ZW50XC91cGxvYWRzXC8yMDI1XC8wM1wvRmlsei5qcGciLCJzbGlkZXNob3ciOiJiYzIwZTliIn0%3D\" href='https:\/\/www.mskatzelsdorf.at\/wp-content\/uploads\/2025\/03\/Filz.jpg'><img loading=\"lazy\" decoding=\"async\" width=\"200\" height=\"300\" src=\"https:\/\/www.mskatzelsdorf.at\/wp-content\/uploads\/2025\/03\/Filz-200x300.jpg\" class=\"attachment-medium size-medium\" alt=\"\" aria-describedby=\"gallery-1-2398\" srcset=\"https:\/\/www.mskatzelsdorf.at\/wp-content\/uploads\/2025\/03\/Filz-200x300.jpg 200w, https:\/\/www.mskatzelsdorf.at\/wp-content\/uploads\/2025\/03\/Filz-682x1024.jpg 682w, https:\/\/www.mskatzelsdorf.at\/wp-content\/uploads\/2025\/03\/Filz-768x1153.jpg 768w, https:\/\/www.mskatzelsdorf.at\/wp-content\/uploads\/2025\/03\/Filz.jpg 866w\" sizes=\"(max-width: 200px) 100vw, 200px\" \/><\/a>\n\t\t\t<\/div>\n\t\t\t\t<figcaption class='wp-caption-text gallery-caption' id='gallery-1-2398'>\n\t\t\t\tRicardo Filz,Saxofon mit Andreas Sch\u00f6berl und Cyril Gurtner\n\t\t\t\t<\/figcaption><\/figure><figure class='gallery-item'>\n\t\t\t<div class='gallery-icon portrait'>\n\t\t\t\t<a data-elementor-open-lightbox=\"yes\" data-elementor-lightbox-slideshow=\"bc20e9b\" data-elementor-lightbox-title=\"Linda Hahnbauer\" data-elementor-lightbox-description=\"Gabriel Sch\u00f6berl. Trompete\" data-e-action-hash=\"#elementor-action%3Aaction%3Dlightbox%26settings%3DeyJpZCI6MjM5NywidXJsIjoiaHR0cHM6XC9cL3d3dy5tc2thdHplbHNkb3JmLmF0XC93cC1jb250ZW50XC91cGxvYWRzXC8yMDI1XC8wM1wvSGFobmJhdWVyMS5qcGciLCJzbGlkZXNob3ciOiJiYzIwZTliIn0%3D\" href='https:\/\/www.mskatzelsdorf.at\/wp-content\/uploads\/2025\/03\/Hahnbauer1.jpg'><img loading=\"lazy\" decoding=\"async\" width=\"200\" height=\"300\" src=\"https:\/\/www.mskatzelsdorf.at\/wp-content\/uploads\/2025\/03\/Hahnbauer1-200x300.jpg\" class=\"attachment-medium size-medium\" alt=\"\" aria-describedby=\"gallery-1-2397\" srcset=\"https:\/\/www.mskatzelsdorf.at\/wp-content\/uploads\/2025\/03\/Hahnbauer1-200x300.jpg 200w, https:\/\/www.mskatzelsdorf.at\/wp-content\/uploads\/2025\/03\/Hahnbauer1-683x1024.jpg 683w, https:\/\/www.mskatzelsdorf.at\/wp-content\/uploads\/2025\/03\/Hahnbauer1-768x1152.jpg 768w, https:\/\/www.mskatzelsdorf.at\/wp-content\/uploads\/2025\/03\/Hahnbauer1.jpg 946w\" sizes=\"(max-width: 200px) 100vw, 200px\" \/><\/a>\n\t\t\t<\/div>\n\t\t\t\t<figcaption class='wp-caption-text gallery-caption' id='gallery-1-2397'>\n\t\t\t\tLinda Hahnbauer, Klarinette mit Thomas Zoufall und Cyril Gurtner\n\t\t\t\t<\/figcaption><\/figure><figure class='gallery-item'>\n\t\t\t<div class='gallery-icon portrait'>\n\t\t\t\t<a data-elementor-open-lightbox=\"yes\" data-elementor-lightbox-slideshow=\"bc20e9b\" data-elementor-lightbox-title=\"Graggaber Adele\" data-elementor-lightbox-description=\"Gabriel Sch\u00f6berl. Trompete\" data-e-action-hash=\"#elementor-action%3Aaction%3Dlightbox%26settings%3DeyJpZCI6MjM5NiwidXJsIjoiaHR0cHM6XC9cL3d3dy5tc2thdHplbHNkb3JmLmF0XC93cC1jb250ZW50XC91cGxvYWRzXC8yMDI1XC8wM1wvUExNMjVfR3JhZ2dhYmVyX0FkX1JvX0FuLmpwZyIsInNsaWRlc2hvdyI6ImJjMjBlOWIifQ%3D%3D\" href='https:\/\/www.mskatzelsdorf.at\/wp-content\/uploads\/2025\/03\/PLM25_Graggaber_Ad_Ro_An.jpg'><img loading=\"lazy\" decoding=\"async\" width=\"200\" height=\"300\" src=\"https:\/\/www.mskatzelsdorf.at\/wp-content\/uploads\/2025\/03\/PLM25_Graggaber_Ad_Ro_An-200x300.jpg\" class=\"attachment-medium size-medium\" alt=\"\" aria-describedby=\"gallery-1-2396\" srcset=\"https:\/\/www.mskatzelsdorf.at\/wp-content\/uploads\/2025\/03\/PLM25_Graggaber_Ad_Ro_An-200x300.jpg 200w, https:\/\/www.mskatzelsdorf.at\/wp-content\/uploads\/2025\/03\/PLM25_Graggaber_Ad_Ro_An-684x1024.jpg 684w, https:\/\/www.mskatzelsdorf.at\/wp-content\/uploads\/2025\/03\/PLM25_Graggaber_Ad_Ro_An-768x1151.jpg 768w, https:\/\/www.mskatzelsdorf.at\/wp-content\/uploads\/2025\/03\/PLM25_Graggaber_Ad_Ro_An.jpg 781w\" sizes=\"(max-width: 200px) 100vw, 200px\" \/><\/a>\n\t\t\t<\/div>\n\t\t\t\t<figcaption class='wp-caption-text gallery-caption' id='gallery-1-2396'>\n\t\t\t\tGraggaber Adele mit Robert Graggaber und Andreas Sch\u00f6berl\n\t\t\t\t<\/figcaption><\/figure><figure class='gallery-item'>\n\t\t\t<div class='gallery-icon landscape'>\n\t\t\t\t<a data-elementor-open-lightbox=\"yes\" data-elementor-lightbox-slideshow=\"bc20e9b\" data-elementor-lightbox-title=\"Kreativ Ensemble\" data-elementor-lightbox-description=\"Gabriel Sch\u00f6berl. Trompete\" data-e-action-hash=\"#elementor-action%3Aaction%3Dlightbox%26settings%3DeyJpZCI6MjM5NSwidXJsIjoiaHR0cHM6XC9cL3d3dy5tc2thdHplbHNkb3JmLmF0XC93cC1jb250ZW50XC91cGxvYWRzXC8yMDI1XC8wM1wvUExNMjVfS3JlYXRpdi5qcGciLCJzbGlkZXNob3ciOiJiYzIwZTliIn0%3D\" href='https:\/\/www.mskatzelsdorf.at\/wp-content\/uploads\/2025\/03\/PLM25_Kreativ.jpg'><img loading=\"lazy\" decoding=\"async\" width=\"300\" height=\"169\" src=\"https:\/\/www.mskatzelsdorf.at\/wp-content\/uploads\/2025\/03\/PLM25_Kreativ-300x169.jpg\" class=\"attachment-medium size-medium\" alt=\"\" aria-describedby=\"gallery-1-2395\" srcset=\"https:\/\/www.mskatzelsdorf.at\/wp-content\/uploads\/2025\/03\/PLM25_Kreativ-300x169.jpg 300w, https:\/\/www.mskatzelsdorf.at\/wp-content\/uploads\/2025\/03\/PLM25_Kreativ-1024x576.jpg 1024w, https:\/\/www.mskatzelsdorf.at\/wp-content\/uploads\/2025\/03\/PLM25_Kreativ-768x432.jpg 768w, https:\/\/www.mskatzelsdorf.at\/wp-content\/uploads\/2025\/03\/PLM25_Kreativ-1536x863.jpg 1536w, https:\/\/www.mskatzelsdorf.at\/wp-content\/uploads\/2025\/03\/PLM25_Kreativ-800x450.jpg 800w, https:\/\/www.mskatzelsdorf.at\/wp-content\/uploads\/2025\/03\/PLM25_Kreativ.jpg 1564w\" sizes=\"(max-width: 300px) 100vw, 300px\" \/><\/a>\n\t\t\t<\/div>\n\t\t\t\t<figcaption class='wp-caption-text gallery-caption' id='gallery-1-2395'>\n\t\t\t\tKreativ Ensemble mit Birgit Wolf und Marie Luise Engel-Schottleitner\n\t\t\t\t<\/figcaption><\/figure>\n\t\t<\/div>\n\t\t<\/div>\n\t\t\t\t\t\t<\/div>\n\t\t\t\t<\/div>\n\t\t\t\t\t<\/div>\n\t\t<\/div>\n\t\t\t\t\t<\/div>\n\t\t<\/section>\n\t\t\t\t<section class=\"elementor-section elementor-top-section elementor-element elementor-element-2bf8580 elementor-section-boxed elementor-section-height-default elementor-section-height-default\" data-id=\"2bf8580\" data-element_type=\"section\" data-e-type=\"section\">\n\t\t\t\t\t\t<div class=\"elementor-container elementor-column-gap-no\">\n\t\t\t\t\t<div class=\"elementor-column elementor-col-100 elementor-top-column elementor-element elementor-element-af5dd96\" data-id=\"af5dd96\" data-element_type=\"column\" data-e-type=\"column\">\n\t\t\t<div class=\"elementor-widget-wrap elementor-element-populated\">\n\t\t\t\t\t\t<div class=\"elementor-element elementor-element-44c3ce0 elementor-widget elementor-widget-heading\" data-id=\"44c3ce0\" data-element_type=\"widget\" data-e-type=\"widget\" data-widget_type=\"heading.default\">\n\t\t\t\t<div class=\"elementor-widget-container\">\n\t\t\t\t\t<h2 class=\"elementor-heading-title elementor-size-default\">Teilnehmer und Preise<\/h2>\t\t\t\t<\/div>\n\t\t\t\t<\/div>\n\t\t\t\t<div class=\"elementor-element elementor-element-2386cea elementor-widget elementor-widget-text-editor\" data-id=\"2386cea\" data-element_type=\"widget\" data-e-type=\"widget\" data-widget_type=\"text-editor.default\">\n\t\t\t\t<div class=\"elementor-widget-container\">\n\t\t\t\t\t\t\t\t\t<table width=\"614\"><tbody><tr><td width=\"143\"><p>Name<\/p><\/td><td width=\"84\"><p>Instrument<\/p><\/td><td width=\"111\"><p>Altersgruppe<\/p><\/td><td width=\"116\"><p>Lehrerende<\/p><\/td><td width=\"161\"><p>Ergebnis<\/p><\/td><\/tr><tr><td width=\"143\"><p>Adele Graggaber<\/p><\/td><td width=\"84\"><p>Klarinette<\/p><\/td><td width=\"111\"><p>AG A (7 Jahre)<\/p><\/td><td width=\"116\"><p>Andreas Sch\u00f6berl<\/p><\/td><td width=\"161\"><p>1. Preis mit Auszeichnung<\/p><\/td><\/tr><tr><td width=\"143\"><p>Sophia Plaschka<\/p><\/td><td width=\"84\"><p>Blockfl\u00f6te<\/p><\/td><td width=\"111\"><p>AG B (8 Jahre)<\/p><\/td><td width=\"116\"><p>Elke Leitner<\/p><\/td><td width=\"161\"><p>2. Preis<\/p><\/td><\/tr><tr><td width=\"143\"><p>Ricardo Filz<\/p><\/td><td width=\"84\"><p>Saxophon<\/p><\/td><td width=\"111\"><p>AG B (8 Jahre)<\/p><\/td><td width=\"116\"><p>Andreas Sch\u00f6berl<\/p><\/td><td width=\"161\"><p>1. Preis<\/p><\/td><\/tr><tr><td width=\"143\"><p>Gabriel Sch\u00f6berl<\/p><\/td><td width=\"84\"><p>Trompete<\/p><\/td><td width=\"111\"><p>AG B (10 Jahre)<\/p><\/td><td width=\"116\"><p>Bernhard Engel<\/p><\/td><td width=\"161\"><p>1. Preis mit Auszeichnung<\/p><\/td><\/tr><tr><td width=\"143\"><p>Linda Hanbauer<\/p><\/td><td width=\"84\"><p>Klarinette<\/p><\/td><td width=\"111\"><p>AG B (10 Jahre)<\/p><\/td><td width=\"116\"><p>Thomas Zoufal<\/p><\/td><td width=\"161\"><p>2. Preis<\/p><\/td><\/tr><tr><td width=\"143\"><p>Leo Sitter<\/p><\/td><td width=\"84\"><p>Saxophon<\/p><\/td><td width=\"111\"><p>AG I (11 Jahre)<\/p><\/td><td width=\"116\"><p>Thomas Zoufal<\/p><\/td><td width=\"161\"><p>3. Preis<\/p><\/td><\/tr><tr><td width=\"143\"><p>Flora Wolf<\/p><\/td><td width=\"84\"><p>Posaune<\/p><\/td><td width=\"111\"><p>AG I (12 Jahre)<\/p><\/td><td width=\"116\"><p>Alexander Rott<\/p><\/td><td width=\"161\"><p>2. Preis<\/p><\/td><\/tr><tr><td width=\"143\"><p><em>sip.s\u00e4p.spoing.mit.donk<\/em><\/p><p>Anja Altmann<\/p><p>Maja und Nele Fiege<\/p><p>Valentina Sch\u00f6berl<\/p><p>Marlene Thurner<\/p><\/td><td width=\"84\"><p>Ensemble kreativ<\/p><\/td><td width=\"111\"><p>AG I<\/p><\/td><td width=\"116\"><p>Marie-Luise Engel-Schottleitner<\/p><p>Birgit Wolf<\/p><\/td><td width=\"161\"><p>1. Preis mit Berechtigung zur Teilnahme am Bundeswettbewerb<\/p><p><strong>Landessieger<\/strong><\/p><\/td><\/tr><tr><td width=\"143\"><p>Philip Farkas<\/p><\/td><td width=\"84\"><p>Euphonium<\/p><\/td><td width=\"111\"><p>AG II (14 Jahre)<\/p><\/td><td width=\"116\"><p>Alexander Rott<\/p><\/td><td width=\"161\"><p>1. Preis mit Berechtigung zur Teilnahme am Bundeswettbewerb<\/p><p><strong>Landessieger<\/strong><\/p><\/td><\/tr><tr><td width=\"143\"><p>Caroline Langer<\/p><\/td><td width=\"84\"><p>Saxophon<\/p><\/td><td width=\"111\"><p>AG III Plus (15 Jahre)<\/p><\/td><td width=\"116\"><p>Andreas Sch\u00f6berl<\/p><\/td><td width=\"161\"><p>GOLD 1. Preis<\/p><p>Teilnahme am Bundeswettbewerb<\/p><\/td><\/tr><tr><td width=\"143\"><p>Esther Graggaber<\/p><\/td><td width=\"84\"><p>Klarinette<\/p><\/td><td width=\"111\"><p>AG III (16 Jahre)<\/p><\/td><td width=\"116\"><p>Andreas Sch\u00f6berl<\/p><\/td><td width=\"161\"><p>1. Preis<\/p><\/td><\/tr><\/tbody><\/table><p>\u00a0<\/p>\t\t\t\t\t\t\t\t<\/div>\n\t\t\t\t<\/div>\n\t\t\t\t\t<\/div>\n\t\t<\/div>\n\t\t\t\t\t<\/div>\n\t\t<\/section>\n\t\t\t\t<\/div>\n\t\t","protected":false},"excerpt":{"rendered":"<p>Mit gleich 15 jungen Talenten &#8230;.. &#8230;.war unsere Musikschule beim Landeswettbewerb prima la musica von 21. bis 27. Februar 2025 in St. P\u00f6lten vertreten. Die herausragenden Ergebnisse widerspiegeln sowohl den immensen Flei\u00df und die Ausdauer aller Sch\u00fcler:innen sowie die hervorragende Arbeit und das Engagement unserer Lehrenden. Esther Graggaber, Klarinette mit Andreas Sch\u00f6berl und Cyril Gurtner [&hellip;]<\/p>\n","protected":false},"author":1,"featured_media":0,"comment_status":"closed","ping_status":"open","sticky":false,"template":"","format":"standard","meta":{"ocean_post_layout":"","ocean_both_sidebars_style":"","ocean_both_sidebars_content_width":0,"ocean_both_sidebars_sidebars_width":0,"ocean_sidebar":"","ocean_second_sidebar":"","ocean_disable_margins":"enable","ocean_add_body_class":"","ocean_shortcode_before_top_bar":"","ocean_shortcode_after_top_bar":"","ocean_shortcode_before_header":"","ocean_shortcode_after_header":"","ocean_has_shortcode":"","ocean_shortcode_after_title":"","ocean_shortcode_before_footer_widgets":"","ocean_shortcode_after_footer_widgets":"","ocean_shortcode_before_footer_bottom":"","ocean_shortcode_after_footer_bottom":"","ocean_display_top_bar":"default","ocean_display_header":"default","ocean_header_style":"","ocean_center_header_left_menu":"","ocean_custom_header_template":"","ocean_custom_logo":0,"ocean_custom_retina_logo":0,"ocean_custom_logo_max_width":0,"ocean_custom_logo_tablet_max_width":0,"ocean_custom_logo_mobile_max_width":0,"ocean_custom_logo_max_height":0,"ocean_custom_logo_tablet_max_height":0,"ocean_custom_logo_mobile_max_height":0,"ocean_header_custom_menu":"","ocean_menu_typo_font_family":"","ocean_menu_typo_font_subset":"","ocean_menu_typo_font_size":0,"ocean_menu_typo_font_size_tablet":0,"ocean_menu_typo_font_size_mobile":0,"ocean_menu_typo_font_size_unit":"px","ocean_menu_typo_font_weight":"","ocean_menu_typo_font_weight_tablet":"","ocean_menu_typo_font_weight_mobile":"","ocean_menu_typo_transform":"","ocean_menu_typo_transform_tablet":"","ocean_menu_typo_transform_mobile":"","ocean_menu_typo_line_height":0,"ocean_menu_typo_line_height_tablet":0,"ocean_menu_typo_line_height_mobile":0,"ocean_menu_typo_line_height_unit":"","ocean_menu_typo_spacing":0,"ocean_menu_typo_spacing_tablet":0,"ocean_menu_typo_spacing_mobile":0,"ocean_menu_typo_spacing_unit":"","ocean_menu_link_color":"","ocean_menu_link_color_hover":"","ocean_menu_link_color_active":"","ocean_menu_link_background":"","ocean_menu_link_hover_background":"","ocean_menu_link_active_background":"","ocean_menu_social_links_bg":"","ocean_menu_social_hover_links_bg":"","ocean_menu_social_links_color":"","ocean_menu_social_hover_links_color":"","ocean_disable_title":"default","ocean_disable_heading":"default","ocean_post_title":"","ocean_post_subheading":"","ocean_post_title_style":"","ocean_post_title_background_color":"","ocean_post_title_background":0,"ocean_post_title_bg_image_position":"","ocean_post_title_bg_image_attachment":"","ocean_post_title_bg_image_repeat":"","ocean_post_title_bg_image_size":"","ocean_post_title_height":0,"ocean_post_title_bg_overlay":0.5,"ocean_post_title_bg_overlay_color":"","ocean_disable_breadcrumbs":"default","ocean_breadcrumbs_color":"","ocean_breadcrumbs_separator_color":"","ocean_breadcrumbs_links_color":"","ocean_breadcrumbs_links_hover_color":"","ocean_display_footer_widgets":"default","ocean_display_footer_bottom":"default","ocean_custom_footer_template":"","ocean_post_oembed":"","ocean_post_self_hosted_media":"","ocean_post_video_embed":"","ocean_link_format":"","ocean_link_format_target":"self","ocean_quote_format":"","ocean_quote_format_link":"post","ocean_gallery_link_images":"on","ocean_gallery_id":[],"footnotes":""},"categories":[1,21],"tags":[],"class_list":["post-2389","post","type-post","status-publish","format-standard","hentry","category-allgemein","category-wettbewerb","entry"],"_links":{"self":[{"href":"https:\/\/www.mskatzelsdorf.at\/index.php?rest_route=\/wp\/v2\/posts\/2389","targetHints":{"allow":["GET"]}}],"collection":[{"href":"https:\/\/www.mskatzelsdorf.at\/index.php?rest_route=\/wp\/v2\/posts"}],"about":[{"href":"https:\/\/www.mskatzelsdorf.at\/index.php?rest_route=\/wp\/v2\/types\/post"}],"author":[{"embeddable":true,"href":"https:\/\/www.mskatzelsdorf.at\/index.php?rest_route=\/wp\/v2\/users\/1"}],"replies":[{"embeddable":true,"href":"https:\/\/www.mskatzelsdorf.at\/index.php?rest_route=%2Fwp%2Fv2%2Fcomments&post=2389"}],"version-history":[{"count":13,"href":"https:\/\/www.mskatzelsdorf.at\/index.php?rest_route=\/wp\/v2\/posts\/2389\/revisions"}],"predecessor-version":[{"id":2435,"href":"https:\/\/www.mskatzelsdorf.at\/index.php?rest_route=\/wp\/v2\/posts\/2389\/revisions\/2435"}],"wp:attachment":[{"href":"https:\/\/www.mskatzelsdorf.at\/index.php?rest_route=%2Fwp%2Fv2%2Fmedia&parent=2389"}],"wp:term":[{"taxonomy":"category","embeddable":true,"href":"https:\/\/www.mskatzelsdorf.at\/index.php?rest_route=%2Fwp%2Fv2%2Fcategories&post=2389"},{"taxonomy":"post_tag","embeddable":true,"href":"https:\/\/www.mskatzelsdorf.at\/index.php?rest_route=%2Fwp%2Fv2%2Ftags&post=2389"}],"curies":[{"name":"wp","href":"https:\/\/api.w.org\/{rel}","templated":true}]}}